{"id":5505,"date":"2022-11-05T19:33:08","date_gmt":"2022-11-05T18:33:08","guid":{"rendered":"https:\/\/www.marekhorava.cz\/?p=5505"},"modified":"2022-11-17T22:23:12","modified_gmt":"2022-11-17T21:23:12","slug":"novy-dil-poradu-tv-prima-kde-jsem-natacel-jako-hlavni-kameraman","status":"publish","type":"post","link":"https:\/\/www.marekhorava.cz\/cs\/novy-dil-poradu-tv-prima-kde-jsem-natacel-jako-hlavni-kameraman\/","title":{"rendered":"Nov\u00fd d\u00edl po\u0159adu TV Prima, kde jsem nat\u00e1\u010del jako hlavn\u00ed kameraman"},"content":{"rendered":"<p><img decoding=\"async\" loading=\"lazy\" class=\" wp-image-5510 alignleft\" src=\"https:\/\/www.marekhorava.cz\/wp-content\/uploads\/2022\/11\/IMG_4839-3.jpg\" alt=\"\" width=\"469\" height=\"298\" srcset=\"https:\/\/www.marekhorava.cz\/wp-content\/uploads\/2022\/11\/IMG_4839-3.jpg 1125w, https:\/\/www.marekhorava.cz\/wp-content\/uploads\/2022\/11\/IMG_4839-3-300x191.jpg 300w, https:\/\/www.marekhorava.cz\/wp-content\/uploads\/2022\/11\/IMG_4839-3-1024x651.jpg 1024w, https:\/\/www.marekhorava.cz\/wp-content\/uploads\/2022\/11\/IMG_4839-3-768x488.jpg 768w\" sizes=\"(max-width: 469px) 100vw, 469px\" \/><br \/>\nNov\u00fd d\u00edl po\u0159adu Den jak sen m\u016f\u017eete sledovat na TV Prima u\u017e toto pond\u011bl\u00ed ve 21:35, kde jsem nat\u00e1\u010del jako hlavn\u00ed kameraman. Prozrad\u00edm, \u017ee se m\u00e1te na co t\u011b\u0161it. Pomp\u00e9zn\u00ed svatba Nat\u00e1lky &amp; Marka. Po odvys\u00edl\u00e1n\u00ed v TV se s V\u00e1mi r\u00e1d pod\u011bl\u00edm na m\u00e9m instagramu o exkluzivn\u00ed z\u00e1b\u011bry, kter\u00e9 v televizi neuvid\u00edte.<\/p>\n<p>Agentura: <a href=\"https:\/\/www.boutiqueweddings.cz\">www.boutiqueweddings.cz<\/a><br \/>\nFotograf: <a href=\"https:\/\/tomasdolejsi.com\">www.tomasdolejsi.com<\/a><br \/>\nLokalita: <a href=\"https:\/\/www.zamekbonrepos.cz\">www.zamekbonrepos.cz<\/a><\/p>\n<p>&nbsp;<\/p>","protected":false},"excerpt":{"rendered":"<p>Nov\u00fd d\u00edl po\u0159adu Den jak sen m\u016f\u017eete sledovat na TV Prima u\u017e toto pond\u011bl\u00ed ve 21:35, kde jsem nat\u00e1\u010del jako hlavn\u00ed kameraman. Prozrad\u00edm, \u017ee se m\u00e1te na co t\u011b\u0161it. Pomp\u00e9zn\u00ed svatba Nat\u00e1lky &amp; Marka. Po odvys\u00edl\u00e1n\u00ed v TV se s V\u00e1mi r\u00e1d pod\u011bl\u00edm na m\u00e9m instagramu o exkluzivn\u00ed z\u00e1b\u011bry, kter\u00e9 v televizi neuvid\u00edte. Agentura: www.boutiqueweddings.cz [&hellip;]<\/p>\n","protected":false},"author":1,"featured_media":5510,"comment_status":"closed","ping_status":"closed","sticky":false,"template":"","format":"standard","meta":[],"categories":[19],"tags":[],"aioseo_notices":[],"_links":{"self":[{"href":"https:\/\/www.marekhorava.cz\/cs\/wp-json\/wp\/v2\/posts\/5505"}],"collection":[{"href":"https:\/\/www.marekhorava.cz\/cs\/wp-json\/wp\/v2\/posts"}],"about":[{"href":"https:\/\/www.marekhorava.cz\/cs\/wp-json\/wp\/v2\/types\/post"}],"author":[{"embeddable":true,"href":"https:\/\/www.marekhorava.cz\/cs\/wp-json\/wp\/v2\/users\/1"}],"replies":[{"embeddable":true,"href":"https:\/\/www.marekhorava.cz\/cs\/wp-json\/wp\/v2\/comments?post=5505"}],"version-history":[{"count":4,"href":"https:\/\/www.marekhorava.cz\/cs\/wp-json\/wp\/v2\/posts\/5505\/revisions"}],"predecessor-version":[{"id":5513,"href":"https:\/\/www.marekhorava.cz\/cs\/wp-json\/wp\/v2\/posts\/5505\/revisions\/5513"}],"wp:featuredmedia":[{"embeddable":true,"href":"https:\/\/www.marekhorava.cz\/cs\/wp-json\/wp\/v2\/media\/5510"}],"wp:attachment":[{"href":"https:\/\/www.marekhorava.cz\/cs\/wp-json\/wp\/v2\/media?parent=5505"}],"wp:term":[{"taxonomy":"category","embeddable":true,"href":"https:\/\/www.marekhorava.cz\/cs\/wp-json\/wp\/v2\/categories?post=5505"},{"taxonomy":"post_tag","embeddable":true,"href":"https:\/\/www.marekhorava.cz\/cs\/wp-json\/wp\/v2\/tags?post=5505"}],"curies":[{"name":"wp","href":"https:\/\/api.w.org\/{rel}","templated":true}]}}