{"id":7247,"date":"2024-03-26T20:09:59","date_gmt":"2024-03-26T19:09:59","guid":{"rendered":"https:\/\/www.marekhorava.cz\/?p=7247"},"modified":"2024-04-11T09:58:11","modified_gmt":"2024-04-11T07:58:11","slug":"osobne-se-semnou-muzete-sekat-na-growtogethersummit","status":"publish","type":"post","link":"https:\/\/www.marekhorava.cz\/en\/osobne-se-semnou-muzete-sekat-na-growtogethersummit\/","title":{"rendered":"Konference zn\u00e1m\u00fdch osobnost\u00ed ze svatebn\u00edho sv\u011bta poprv\u00e9 v Bratislav\u011b"},"content":{"rendered":"<p class=\"qtranxs-available-languages-message qtranxs-available-languages-message-en\">Sorry<\/p>","protected":false},"excerpt":{"rendered":"<p>Sorry<\/p>\n","protected":false},"author":1,"featured_media":7248,"comment_status":"closed","ping_status":"closed","sticky":false,"template":"","format":"standard","meta":[],"categories":[1],"tags":[],"aioseo_notices":[],"_links":{"self":[{"href":"https:\/\/www.marekhorava.cz\/en\/wp-json\/wp\/v2\/posts\/7247"}],"collection":[{"href":"https:\/\/www.marekhorava.cz\/en\/wp-json\/wp\/v2\/posts"}],"about":[{"href":"https:\/\/www.marekhorava.cz\/en\/wp-json\/wp\/v2\/types\/post"}],"author":[{"embeddable":true,"href":"https:\/\/www.marekhorava.cz\/en\/wp-json\/wp\/v2\/users\/1"}],"replies":[{"embeddable":true,"href":"https:\/\/www.marekhorava.cz\/en\/wp-json\/wp\/v2\/comments?post=7247"}],"version-history":[{"count":0,"href":"https:\/\/www.marekhorava.cz\/en\/wp-json\/wp\/v2\/posts\/7247\/revisions"}],"wp:featuredmedia":[{"embeddable":true,"href":"https:\/\/www.marekhorava.cz\/en\/wp-json\/wp\/v2\/media\/7248"}],"wp:attachment":[{"href":"https:\/\/www.marekhorava.cz\/en\/wp-json\/wp\/v2\/media?parent=7247"}],"wp:term":[{"taxonomy":"category","embeddable":true,"href":"https:\/\/www.marekhorava.cz\/en\/wp-json\/wp\/v2\/categories?post=7247"},{"taxonomy":"post_tag","embeddable":true,"href":"https:\/\/www.marekhorava.cz\/en\/wp-json\/wp\/v2\/tags?post=7247"}],"curies":[{"name":"wp","href":"https:\/\/api.w.org\/{rel}","templated":true}]}}